{"id":17637,"date":"2016-03-18T12:53:49","date_gmt":"2016-03-18T11:53:49","guid":{"rendered":"http:\/\/www.cerrosportiva.it\/cs\/?p=17637"},"modified":"2020-04-27T08:57:13","modified_gmt":"2020-04-27T06:57:13","slug":"cerro-fiorita-23-24-24-aprile-2016-xi-edizione","status":"publish","type":"post","link":"http:\/\/www.cerrosportiva.it\/cs\/cerro-fiorita-23-24-24-aprile-2016-xi-edizione\/","title":{"rendered":"Cerro Fiorita XI Edizione, 23-24-25 Aprile 2016"},"content":{"rendered":"<p>Il Gruppo Culturale del Verbano passa il testimone alla Societ\u00e0 Cerro Sportiva, la mitica &#8220;Canottieri Cerro&#8221;&#8230;<br \/>\nDopo oltre dieci anni di attivit\u00e0, il  Gruppo Ulisse cede il passo alla Canottieri Cerro che si occuper\u00e0 della organizzazione della &#8220;Cerro Fiorita&#8221; giunta alla XI edizione e che porta, da oltre un decennio, vita e fiori nello splendido borgo.<br \/>\nEcco allora trasformarsi il centro storico di Cerro in una animata e colorata serra dove scoprire le variet\u00e0 pi\u00f9 insolite delle nostre essenze preferite; il tutto completato da un mercatino a tema, esposizioni artigianali, e concerti.<br \/>\nSar\u00e0 sempre attivo il nostro stand gastronomico, che contribuir\u00e0 ad arricchire questa ormai affermata manifestazione. Accorrete numerosi!!<\/p>\n<p>Per saperne di pi\u00f9, e per diventare espositore, per scegliere l&#8217;attivit\u00e0 pi\u00f9 congeniale ai tuoi interessi scarica il modulo oppure vai alla pagina&#8221;contatti&#8221;<\/p>\n<div class=\"fusion-fullwidth fullwidth-box fusion-builder-row-1 hundred-percent-fullwidth non-hundred-percent-height-scrolling\" style=\"background-color: rgba(255,255,255,0);background-position: center center;background-repeat: no-repeat;padding-top:0px;padding-right:0px;padding-bottom:0px;padding-left:0px;margin-bottom: 0px;margin-top: 0px;border-width: 0px 0px 0px 0px;border-color:#eae9e9;border-style:solid;\" ><div class=\"fusion-builder-row fusion-row\"><div class=\"fusion-layout-column fusion_builder_column fusion-builder-column-0 fusion_builder_column_1_1 1_1 fusion-one-full fusion-column-first fusion-column-last fusion-column-no-min-height\" style=\"margin-top:0px;margin-bottom:0px;\"><div class=\"fusion-column-wrapper fusion-flex-column-wrapper-legacy\" style=\"background-position:left top;background-repeat:no-repeat;-webkit-background-size:cover;-moz-background-size:cover;-o-background-size:cover;background-size:cover;padding: 0px 0px 0px 0px;\"><style type=\"text\/css\"><\/style><div class=\"fusion-title title fusion-title-1 fusion-title-text fusion-title-size-three\" style=\"margin-top:0px;margin-bottom:31px;\"><h3 class=\"title-heading-left\" style=\"margin:0;\">Informazioni Iscrizioni<\/h3><div class=\"title-sep-container\"><div class=\"title-sep sep-double sep-solid\" style=\"border-color:#e0dede;\"><\/div><\/div><\/div>\n<a href=\"http:\/\/www.cerrosportiva.it\/cs\/wp-content\/uploads\/2016\/03\/modulo-mercatinoOk.pdf\" target=\"_blank\" rel=\"noopener noreferrer\">Modulo Iscrizione Manifestazione<\/a><div class=\"fusion-clearfix\"><\/div><\/div><\/div><\/div><style type=\"text\/css\">.fusion-fullwidth.fusion-builder-row-1 { overflow:visible; }<\/style><\/div>\n","protected":false},"excerpt":{"rendered":"<p>Il Gruppo Culturale del Verbano passa il testimone alla Societ\u00e0 Cerro Sportiva, la mitica &#8220;Canottieri Cerro&#8221;&#8230; Dopo oltre dieci anni di attivit\u00e0, il Gruppo Ulisse cede il passo alla Canottieri Cerro che si occuper\u00e0 della organizzazione della &#8220;Cerro Fiorita&#8221; giunta alla XI edizione e che porta, da oltre un decennio, vita e fiori nello splendido [&hellip;]<\/p>\n","protected":false},"author":5,"featured_media":0,"comment_status":"open","ping_status":"closed","sticky":false,"template":"","format":"standard","meta":{"ngg_post_thumbnail":0},"categories":[31,34,32],"tags":[],"_links":{"self":[{"href":"http:\/\/www.cerrosportiva.it\/cs\/wp-json\/wp\/v2\/posts\/17637"}],"collection":[{"href":"http:\/\/www.cerrosportiva.it\/cs\/wp-json\/wp\/v2\/posts"}],"about":[{"href":"http:\/\/www.cerrosportiva.it\/cs\/wp-json\/wp\/v2\/types\/post"}],"author":[{"embeddable":true,"href":"http:\/\/www.cerrosportiva.it\/cs\/wp-json\/wp\/v2\/users\/5"}],"replies":[{"embeddable":true,"href":"http:\/\/www.cerrosportiva.it\/cs\/wp-json\/wp\/v2\/comments?post=17637"}],"version-history":[{"count":6,"href":"http:\/\/www.cerrosportiva.it\/cs\/wp-json\/wp\/v2\/posts\/17637\/revisions"}],"predecessor-version":[{"id":17644,"href":"http:\/\/www.cerrosportiva.it\/cs\/wp-json\/wp\/v2\/posts\/17637\/revisions\/17644"}],"wp:attachment":[{"href":"http:\/\/www.cerrosportiva.it\/cs\/wp-json\/wp\/v2\/media?parent=17637"}],"wp:term":[{"taxonomy":"category","embeddable":true,"href":"http:\/\/www.cerrosportiva.it\/cs\/wp-json\/wp\/v2\/categories?post=17637"},{"taxonomy":"post_tag","embeddable":true,"href":"http:\/\/www.cerrosportiva.it\/cs\/wp-json\/wp\/v2\/tags?post=17637"}],"curies":[{"name":"wp","href":"https:\/\/api.w.org\/{rel}","templated":true}]}}